{"id":240,"date":"2012-09-05T21:17:07","date_gmt":"2012-09-05T19:17:07","guid":{"rendered":"http:\/\/www.schriftraum.de\/?p=240"},"modified":"2012-09-05T22:12:58","modified_gmt":"2012-09-05T20:12:58","slug":"schauen-horen","status":"publish","type":"post","link":"https:\/\/www.schriftraum.de\/?p=240","title":{"rendered":"Schauen &#038; H\u00f6ren"},"content":{"rendered":"<div id=\"attachment_241\" style=\"width: 160px\" class=\"wp-caption alignleft\"><a href=\"http:\/\/www.schriftraum.de\/wp-content\/uploads\/2012\/09\/d062034cf75c11e1b82c22000a1de664_7.jpg\"><img loading=\"lazy\" decoding=\"async\" aria-describedby=\"caption-attachment-241\" class=\"size-thumbnail wp-image-241 \" title=\"d062034cf75c11e1b82c22000a1de664_7\" src=\"http:\/\/www.schriftraum.de\/wp-content\/uploads\/2012\/09\/d062034cf75c11e1b82c22000a1de664_7-150x150.jpg\" alt=\"Digitale Welt in Berlin zu Hause \" width=\"150\" height=\"150\" srcset=\"https:\/\/www.schriftraum.de\/wp-content\/uploads\/2012\/09\/d062034cf75c11e1b82c22000a1de664_7-150x150.jpg 150w, https:\/\/www.schriftraum.de\/wp-content\/uploads\/2012\/09\/d062034cf75c11e1b82c22000a1de664_7-300x300.jpg 300w, https:\/\/www.schriftraum.de\/wp-content\/uploads\/2012\/09\/d062034cf75c11e1b82c22000a1de664_7.jpg 612w\" sizes=\"auto, (max-width: 150px) 100vw, 150px\" \/><\/a><p id=\"caption-attachment-241\" class=\"wp-caption-text\">Digitale Welt in Berlin zu Hause<\/p><\/div>\n<p>Es gibt keinen Anfang und kein Ende. Bei der Internationalen Funkausstellung in Berlin l\u00e4uft man im Kreis, erst wenn die F\u00fc\u00dfe schmerzen, darf man gehen.<\/p>\n<p>Der Anfang wird niemals das Ende sein, dazu bringt das Messegel\u00e4nde am Funkturm die Besucher viel zu sehr aus den Tritt &#8211; dieses mal war es die Halle 9, nicht zu finden, nur \u00fcber Umwege, viele. Aber der <a href=\"http:\/\/www.htc.com\/de\">HTC<\/a>-Stand sollte noch drin sein. Gelohnt hat sich der Weg dann kaum. Da waren die HTC-Promoter in der Telekom-Halle schon klasse, mal eben das Handy einstellen, &#8211; Photos, Videos, &#8211;\u00a0 Fein\u00adtu\u00adning.<\/p>\n<p><!--more--><\/p>\n<p>Ein durchg\u00e4ngiges Band an Stimmen, keine Ruhe nirgends. Beeindruckend die Sony-Halle, Panasonic immer gut, &#8211; Samsung inszeniert seine Produkte wie im Stadion \u2013 die Promoter sehen aus, wie die Fu\u00dfballer des <a href=\"http:\/\/www.chelseafc.com\/\">FC Chelsea<\/a>. Vodafone war da eher etwas schwach aufgestellt.<\/p>\n<p>Bei der ARD wie immer tolle Infos, &#8211; Kochstudio, RBB, Teletext, Deutschlandradio, &#8211; eine kurze Einf\u00fchrung in das Radio der Zukunft, das <a href=\"http:\/\/www.dradio.de\/digitalradio\/\">Digitalradio<\/a>: vielf\u00e4ltig, interaktiv und mobil.<\/p>\n<p>Schade, dass es das neue <a href=\"http:\/\/www.google.de\/nexus\/#\/7\">Nexus 7<\/a> auf der IFA noch nicht zu sehen gab, in den n\u00e4chsten Tagen soll es auf den Markt kommen \u2013 ein Baustein mehr, in einer digitalen Welt.<\/p>\n<p>Mit 240.000 Besuchern endete die weltweit bedeutendste Messe f\u00fcr Consumer Electronics und Elektrohausger\u00e4te in Berlin mit neuen Rekordergebnissen.<\/p>\n<p>[nggallery id=1]<\/p>\n","protected":false},"excerpt":{"rendered":"<p>Es gibt keinen Anfang und kein Ende. Bei der Internationalen Funkausstellung in Berlin l\u00e4uft man im Kreis, erst wenn die F\u00fc\u00dfe schmerzen, darf man gehen. Der Anfang wird niemals das Ende sein, dazu bringt das Messegel\u00e4nde am Funkturm die Besucher &hellip; <a href=\"https:\/\/www.schriftraum.de\/?p=240\">Weiterlesen <span class=\"meta-nav\">&rarr;<\/span><\/a><\/p>\n","protected":false},"author":2,"featured_media":0,"comment_status":"open","ping_status":"open","sticky":false,"template":"","format":"standard","meta":{"footnotes":""},"categories":[1],"tags":[26,43,40,41,42,5],"class_list":["post-240","post","type-post","status-publish","format-standard","hentry","category-allgemein","tag-berlin","tag-htc","tag-ifa","tag-internationale-funkausstellung","tag-nexus-7","tag-schriftraum"],"_links":{"self":[{"href":"https:\/\/www.schriftraum.de\/index.php?rest_route=\/wp\/v2\/posts\/240","targetHints":{"allow":["GET"]}}],"collection":[{"href":"https:\/\/www.schriftraum.de\/index.php?rest_route=\/wp\/v2\/posts"}],"about":[{"href":"https:\/\/www.schriftraum.de\/index.php?rest_route=\/wp\/v2\/types\/post"}],"author":[{"embeddable":true,"href":"https:\/\/www.schriftraum.de\/index.php?rest_route=\/wp\/v2\/users\/2"}],"replies":[{"embeddable":true,"href":"https:\/\/www.schriftraum.de\/index.php?rest_route=%2Fwp%2Fv2%2Fcomments&post=240"}],"version-history":[{"count":18,"href":"https:\/\/www.schriftraum.de\/index.php?rest_route=\/wp\/v2\/posts\/240\/revisions"}],"predecessor-version":[{"id":252,"href":"https:\/\/www.schriftraum.de\/index.php?rest_route=\/wp\/v2\/posts\/240\/revisions\/252"}],"wp:attachment":[{"href":"https:\/\/www.schriftraum.de\/index.php?rest_route=%2Fwp%2Fv2%2Fmedia&parent=240"}],"wp:term":[{"taxonomy":"category","embeddable":true,"href":"https:\/\/www.schriftraum.de\/index.php?rest_route=%2Fwp%2Fv2%2Fcategories&post=240"},{"taxonomy":"post_tag","embeddable":true,"href":"https:\/\/www.schriftraum.de\/index.php?rest_route=%2Fwp%2Fv2%2Ftags&post=240"}],"curies":[{"name":"wp","href":"https:\/\/api.w.org\/{rel}","templated":true}]}}